{"id":11160,"date":"2022-05-23T16:48:28","date_gmt":"2022-05-23T16:48:28","guid":{"rendered":"https:\/\/www.blickfeld.com\/?p=11160"},"modified":"2023-04-13T09:04:15","modified_gmt":"2023-04-13T09:04:15","slug":"teststrecke-fuer-in2lab-eroeffnet","status":"publish","type":"post","link":"https:\/\/www.blickfeld.com\/de\/teststrecke-fuer-in2lab-eroeffnet\/","title":{"rendered":"Feierliche Er\u00f6ffnung der Teststrecke &#8222;Erste Meile&#8220; des In2Lab Projekts"},"content":{"rendered":"\n<p>Im Rahmen des Forschungsvorhabens IN2Lab arbeitet Blickfeld mit Projektpartnern wie Audi, Continental, Fraunhofer-Institut f\u00fcr Verkehrs- und Infrastruktursysteme IVI und der Technischen Hochschule Ingolstadt daran ein System zu entwickeln, das automatisiertes und autonomes Fahren mit infrastrukturseitig erfassten Umgebungsinformationen absichert.<\/p>\n\n\n\n<!--more-->\n\n\n\n<p>Die Er\u00f6ffnung der Strecke vergangene Woche markiert den Beginn der n\u00e4chsten Projektphase, in der es um die Optimierung und Validierung des entwickelten Systems gehen soll. Der 1,7 Kilometer lange \u00f6ffentliche Stra\u00dfenabschnitt, der dem Projekt als Teststrecke dient, verbindet Audis Technologiepark IN-Campus mit der Autobahn A9. <a href=\"https:\/\/www.blickfeld.com\/de\/autonome-fahrfunktionen-sicher-testen-mit-intelligenter-infrastruktur\/\" target=\"_blank\" rel=\"noreferrer noopener\">Masten, die entlang der Strecke aufgestellt sind, wurden in den vergangenen zwei Jahren mit LiDAR- und Radar-Sensoren sowie Kameras ausgestattet.<\/a><\/p>\n\n\n\n<p>Blickfeld hat f\u00fcr diesen Einsatz seine LiDAR-Sensoren auf die Anforderungen abgestimmt weiterentwickelt und liefert mit den vom LiDAR generierten 3D-Daten eine wichtige Komponente f\u00fcr die Erfassung und Klassifizierung von vorbeifahrenden Fahrzeugen ebenso wie von weiteren Verkehrsteilnehmern wie Fu\u00dfg\u00e4ngern oder Radfahrern.<\/p>\n\n\n\n<figure class=\"wp-block-image aligncenter size-large is-resized\"><img decoding=\"async\" src=\"https:\/\/www.blickfeld.com\/wp-content\/uploads\/2022\/05\/Teststrecke-IN2Lab-1024x459.jpg\" alt=\"\" class=\"wp-image-11132\" width=\"800\" srcset=\"https:\/\/www.blickfeld.com\/wp-content\/uploads\/2022\/05\/Teststrecke-IN2Lab-1024x459.jpg 1024w, https:\/\/www.blickfeld.com\/wp-content\/uploads\/2022\/05\/Teststrecke-IN2Lab-300x134.jpg 300w, https:\/\/www.blickfeld.com\/wp-content\/uploads\/2022\/05\/Teststrecke-IN2Lab-768x344.jpg 768w, https:\/\/www.blickfeld.com\/wp-content\/uploads\/2022\/05\/Teststrecke-IN2Lab.jpg 1404w\" sizes=\"(max-width: 1024px) 100vw, 1024px\" \/><figcaption class=\"wp-element-caption\">Die k\u00fcrzlich er\u00f6ffnete Teststrecke; eingezeichnet sind die so genannten Road Side Units, die mit LiDAR- und Radar-Sensorik sowie Kameras ausgestattet sind<\/figcaption><\/figure>\n\n\n\n<p>Die von den Sensorsystemen erfassten Daten werden an eine Leitstelle (\u201eMission Control Center\u201c) im IN Campus \u00fcbermittelt, wo die Daten fusioniert und auswertet werden. Die somit gewonnenen Informationen werden an automatisierte Testfahrzeuge auf der Strecke \u00fcbermittelt, um diese zus\u00e4tzlich zu den Informationen der im Fahrzeug verbauten Sensorik mit Umgebungsdaten abzusichern. Somit erm\u00f6glicht das Projekt das sichere Testen von autonomen Fahrfunktionen im Realverkehr.<\/p>\n\n\n\n<figure class=\"wp-block-image aligncenter size-large is-resized\"><img decoding=\"async\" src=\"https:\/\/www.blickfeld.com\/wp-content\/uploads\/2022\/05\/Markus-Blume-bayerischer-Wissenschaftsminister-1024x683.jpg\" alt=\"\" class=\"wp-image-11134\" width=\"800\" srcset=\"https:\/\/www.blickfeld.com\/wp-content\/uploads\/2022\/05\/Markus-Blume-bayerischer-Wissenschaftsminister-1024x683.jpg 1024w, https:\/\/www.blickfeld.com\/wp-content\/uploads\/2022\/05\/Markus-Blume-bayerischer-Wissenschaftsminister-300x200.jpg 300w, https:\/\/www.blickfeld.com\/wp-content\/uploads\/2022\/05\/Markus-Blume-bayerischer-Wissenschaftsminister-768x512.jpg 768w, https:\/\/www.blickfeld.com\/wp-content\/uploads\/2022\/05\/Markus-Blume-bayerischer-Wissenschaftsminister-1536x1024.jpg 1536w, https:\/\/www.blickfeld.com\/wp-content\/uploads\/2022\/05\/Markus-Blume-bayerischer-Wissenschaftsminister-2048x1365.jpg 2048w\" sizes=\"(max-width: 1024px) 100vw, 1024px\" \/><figcaption class=\"wp-element-caption\">Markus Blume, bayerischer Wissenschaftsminister, bei der Er\u00f6ffnungsfeier an der Technischen Hochschule Ingolstadt<\/figcaption><\/figure>\n\n\n\n<p>Markus Blume, bayerischer Wissenschaftsminister, bringt es bei der Er\u00f6ffnungsfeier in der Technischen Hochschule Ingolstadt auf den Punkt: \u201eIn dem hochpotenten Industrieumfeld rund um Ingolstadt greift die Expertise von Wissenschaft und Wirtschaft ineinander wie Kolben und Zylinder, die Mobilit\u00e4tsregion dient als Reallabor. Das sind hervorragende Bedingungen, die Mobilit\u00e4t der Zukunft auf die Stra\u00dfe zu bringen.\u201c<\/p>\n\n\n\n<p>An IN2Lab beteiligt sind neben Blickfeld, die Technische Hochschule Ingolstadt, Audi, Continental und das Fraunhofer-Institut f\u00fcr Verkehrs- und Infrastruktursysteme IVI.<\/p>\n\n\n\n<figure class=\"wp-block-gallery has-nested-images columns-default is-cropped aligncenter wp-block-gallery-1 is-layout-flex wp-block-gallery-is-layout-flex\">\n<figure class=\"wp-block-image size-large is-resized\"><img fetchpriority=\"high\" decoding=\"async\" data-id=\"11136\" src=\"https:\/\/www.blickfeld.com\/wp-content\/uploads\/2022\/05\/Sensoren-und-Kameras-am-Mast-2-768x1024.jpg\" alt=\"\" class=\"wp-image-11136\" width=\"600\" height=\"800\" srcset=\"https:\/\/www.blickfeld.com\/wp-content\/uploads\/2022\/05\/Sensoren-und-Kameras-am-Mast-2-768x1024.jpg 768w, https:\/\/www.blickfeld.com\/wp-content\/uploads\/2022\/05\/Sensoren-und-Kameras-am-Mast-2-225x300.jpg 225w, https:\/\/www.blickfeld.com\/wp-content\/uploads\/2022\/05\/Sensoren-und-Kameras-am-Mast-2-1152x1536.jpg 1152w, https:\/\/www.blickfeld.com\/wp-content\/uploads\/2022\/05\/Sensoren-und-Kameras-am-Mast-2-1536x2048.jpg 1536w, https:\/\/www.blickfeld.com\/wp-content\/uploads\/2022\/05\/Sensoren-und-Kameras-am-Mast-2-scaled.jpg 1920w\" sizes=\"(max-width: 600px) 100vw, 600px\" \/><\/figure>\n\n\n\n<figure class=\"wp-block-image size-large\"><img decoding=\"async\" width=\"768\" height=\"1024\" data-id=\"11155\" src=\"https:\/\/www.blickfeld.com\/wp-content\/uploads\/2022\/05\/Testfeld-Erste-Meile-1-768x1024.jpg\" alt=\"\" class=\"wp-image-11155\" srcset=\"https:\/\/www.blickfeld.com\/wp-content\/uploads\/2022\/05\/Testfeld-Erste-Meile-1-768x1024.jpg 768w, https:\/\/www.blickfeld.com\/wp-content\/uploads\/2022\/05\/Testfeld-Erste-Meile-1-225x300.jpg 225w, https:\/\/www.blickfeld.com\/wp-content\/uploads\/2022\/05\/Testfeld-Erste-Meile-1-1152x1536.jpg 1152w, https:\/\/www.blickfeld.com\/wp-content\/uploads\/2022\/05\/Testfeld-Erste-Meile-1-1536x2048.jpg 1536w, https:\/\/www.blickfeld.com\/wp-content\/uploads\/2022\/05\/Testfeld-Erste-Meile-1-scaled.jpg 1920w\" sizes=\"(max-width: 768px) 100vw, 768px\" \/><\/figure>\n<figcaption class=\"blocks-gallery-caption wp-element-caption\">Road Side Unit, die mit Sensorik zur Umfelderfassung ausgestattet ist<\/figcaption><\/figure>\n","protected":false},"excerpt":{"rendered":"<p>Im Rahmen des Forschungsvorhabens IN2Lab arbeitet Blickfeld mit Projektpartnern wie Audi, Continental, Fraunhofer-Institut f\u00fcr Verkehrs- und Infrastruktursysteme IVI und der Technischen Hochschule Ingolstadt daran ein System zu entwickeln, das automatisiertes und autonomes Fahren mit infrastrukturseitig erfassten Umgebungsinformationen absichert.<\/p>\n","protected":false},"author":8,"featured_media":11154,"comment_status":"closed","ping_status":"closed","sticky":false,"template":"","format":"standard","meta":{"footnotes":""},"categories":[136],"tags":[],"class_list":["post-11160","post","type-post","status-publish","format-standard","has-post-thumbnail","hentry","category-neuigkeiten"],"_links":{"self":[{"href":"https:\/\/www.blickfeld.com\/de\/wp-json\/wp\/v2\/posts\/11160","targetHints":{"allow":["GET"]}}],"collection":[{"href":"https:\/\/www.blickfeld.com\/de\/wp-json\/wp\/v2\/posts"}],"about":[{"href":"https:\/\/www.blickfeld.com\/de\/wp-json\/wp\/v2\/types\/post"}],"author":[{"embeddable":true,"href":"https:\/\/www.blickfeld.com\/de\/wp-json\/wp\/v2\/users\/8"}],"replies":[{"embeddable":true,"href":"https:\/\/www.blickfeld.com\/de\/wp-json\/wp\/v2\/comments?post=11160"}],"version-history":[{"count":2,"href":"https:\/\/www.blickfeld.com\/de\/wp-json\/wp\/v2\/posts\/11160\/revisions"}],"predecessor-version":[{"id":21018,"href":"https:\/\/www.blickfeld.com\/de\/wp-json\/wp\/v2\/posts\/11160\/revisions\/21018"}],"wp:featuredmedia":[{"embeddable":true,"href":"https:\/\/www.blickfeld.com\/de\/wp-json\/wp\/v2\/media\/11154"}],"wp:attachment":[{"href":"https:\/\/www.blickfeld.com\/de\/wp-json\/wp\/v2\/media?parent=11160"}],"wp:term":[{"taxonomy":"category","embeddable":true,"href":"https:\/\/www.blickfeld.com\/de\/wp-json\/wp\/v2\/categories?post=11160"},{"taxonomy":"post_tag","embeddable":true,"href":"https:\/\/www.blickfeld.com\/de\/wp-json\/wp\/v2\/tags?post=11160"}],"curies":[{"name":"wp","href":"https:\/\/api.w.org\/{rel}","templated":true}]}}